{"provider_url": "https://www.pedrocanario.es.leg.br", "title": "PAUTA DA 3\u00aa SESS\u00c3O ORDIN\u00c1RIA", "html": "<p>\u00a0</p>\r\n<p><b>Projeto de Lei n\u00ba 075/2021 \u2013 \u201cALTERA A TAXA DE ADMINISTRA\u00c7\u00c3O DO MUNIC\u00cdPIO DE PEDRO CAN\u00c1RIO PARA O EXERC\u00cdCIO FINANCEIRO DE 2022, E D\u00c1 OUTRAS PROVID\u00caNCIA\u201d. \u2013 De Autoria do Executivo Municipal \u2013 Bruno Te\u00f3filo Ara\u00fajo. </b></p>\r\n<p><b>Projeto de Lei Complementar n\u00ba 08/2021 \u2013 \u201cACRESCENTA DISPOSITIVO \u00c1 LEI COMPLEMENTAR MUNICIPAL N\u00ba 034, DE 27 DE SETEMBRO DE 2019, QUE DISP\u00d5E SOBRE O C\u00d3DIGO DE POSTURA MUNICIPAL, E D\u00c1 OUTRAS PROVID\u00caNCIAS\u201d. De Autoria do Legislativo Municipal \u2013 Vereador Jos\u00e9 da Paix\u00e3o Queiroz.</b></p>\r\n<p><b>Projeto de Resolu\u00e7\u00e3o n\u00ba 001/2022 \u2013 ALTERA O REGIMENTO INTERNO DA C\u00c2MARA MUNICIPAL DE PEDRO CAN\u00c1RIO (Resolu\u00e7\u00e3o n\u00ba038, de 27 de outubro de 2010). De Autoria do Legislativo Municipal \u2013 Vereadores.</b></p>\r\n<p><b>Projeto de Lei Complementar n\u00ba 06/2022 \u2013 \u201cDISP\u00d5E SOBRE A INEXIGIBILIDADE DE COMPROVANTE DE VACINA (IMUNIZA\u00c7\u00c3O CONTRA A COVID-19) PARA O ACESSO A TODOS E QUAISQUER LUGARES P\u00daBLICOS, BEM COMO ESTABELECIMENTOS P\u00daBLICOS OU PARTICULARES NO \u00c2MBITO DO MUNIC\u00cdPIO E D\u00c1 OUTRAS PROVID\u00caNCIAS\u201d. De Autoria do Legislativo Municipal \u2013 Vereador Jos\u00e9 da Paix\u00e3o Queiroz.</b></p>\r\n<p><b>Projeto de Lei n\u00ba 010/2022 - </b><b>INSTITUI O \u201cPROGRAMA IR DE BIKE\u201d COM A INSTALA\u00c7\u00c3O DE BICICLET\u00c1RIOS NO \u00c2MBITO DO MUNIC\u00cdPIO. </b><b>De Autoria do Legislativo Municipal \u2013 Vereadores Eleandro Reis Konoski e Sirlande Oliveira Dias de Freitas.</b></p>\r\n<p><b>\u00a0</b></p>\r\n<p><b>APRESENTA\u00c7\u00c3O DAS CONTAS REFERENTE AO EXERC\u00cdCIO DE 2002 DO PODER EXECUTIVO MUNICIPAL \u2013 Sr\u00ba Ataides Canal.</b></p>\r\n<p><b>\u00a0</b></p>\r\n<p><b>\u00a0</b></p>\r\n<p><b>\u00a0</b></p>\r\n<p align=\"center\"><b>Gabinete da Presid\u00eancia, em 18 de mar\u00e7o de 2022</b></p>\r\n<p align=\"center\"><b>\u00a0</b></p>\r\n<p align=\"center\"><b>Denis Pereira Am\u00e2ncio</b></p>\r\n<p align=\"center\"><b>Presidente da C\u00e2mara Municipal</b></p>", "author_name": "", "version": "1.0", "author_url": "https://www.pedrocanario.es.leg.br/author/renan", "provider_name": " ", "type": "rich"}