{"provider_url": "https://www.pedrocanario.es.leg.br", "title": "Pauta da 13\u00aa Sess\u00e3o Ordin\u00e1ria", "html": "<p><b>\u00a0</b></p>\r\n<p><b>Projeto de Lei n\u00ba 028/2021 \u2013 \u201cVEDA NOMEA\u00c7\u00c3O PELA ADMINISTRA\u00c7\u00c3O P\u00daBLICA DIRETA E INDIRETA DE PEDRO CAN\u00c1RIO/ES DE PESSOAS CONDENADAS PELA LEI FEDERAL N\u00ba. 11.340 DE AGOSTO DE 2006 \u2013 LEI MARIA DA PENHA.\u201d De autoria do Poder Legislativo Municipal \u2013 Vereador Denis Pereira Am\u00e2ncio.</b></p>\r\n<p><b>Projeto de Lei Substitutivo n\u00ba 029/2021 \u2013 \u201cDENOMINA RUA PASTOR SAUL IN\u00c1CIO FERREIRA, A RUA SEM DENOMINA\u00c7\u00c3O, SITUADA NO BAIRRO CAMILIO COLA, NESTA CIDADE DE PEDRO CAN\u00c1RIO-ES.\u201d De autoria do Poder Legislativo Municipal \u2013 Vereador Jos\u00e9 da Paix\u00e3o Queiroz.</b></p>\r\n<p><b>Projeto de Lei n\u00ba 032/2021 \u2013 \u201cDISP\u00d5E SOBRE O PROGRAMA \u201cCAL\u00c7ADA PARA TODOS\u201d, CUJO OBJETIVO \u00c9, MEDIANTE PARCERIA, CONSTRU\u00c7\u00c3O E/OU RESTAURA\u00c7\u00c3O DE CAL\u00c7ADAS, NAS CASAS E PR\u00c9DIOS DE PEDRO CAN\u00c1RIO-ES E D\u00c1 OUTRAS PROVID\u00caNCIAS.\u201d De autoria do Poder Executivo Municipal \u2013 Sr\u00ba. Bruno Te\u00f3filo Ara\u00fajo.</b></p>\r\n<p><b>Projeto de Lei Substitutivo n\u00ba 035/2021 \u2013 \u201cDISPO\u00ca SOBRE A MUDAN\u00c7A DE LOGRADOURO NO BAIRRO BOA VISTA.\u201d De autoria do Poder Legislativo Municipal \u2013 Vereador Lucas Vasconcellos Pereira.</b></p>\r\n<p><b>Projeto de Lei n\u00ba 038/2021 \u2013 \u201cALTERA A LEI MUNICIPAL N\u00ba1.324, DE 11 DE JUNHO DE 2018 QUE CRIOU O FUNDO MUNICIPAL DE EDUCA\u00c7\u00c3O INFANTIL - FMEI E D\u00c1 OUTRAS PROVID\u00caNCIAS.\u201d De autoria do Poder Executivo Municipal \u2013 Sr\u00ba. Prefeito Bruno Te\u00f3filo Ara\u00fajo.</b></p>\r\n<p><b>\u00a0</b></p>\r\n<p><b>Projeto de Lei n\u00ba 042/2021 \u2013 \u201cINSTITU\u00cd A POL\u00cdTICA MUNICIPAL DE ATEN\u00c7\u00c3O INTEGRAL \u00c0 SA\u00daDE DO HOMEM, NO MUNIC\u00cdPIO DE PEDRO CAN\u00c1RIO/ES, E D\u00c1 OUTRAS PROVID\u00caNCIAS.\u201d De autoria do Poder Legislativo Municipal \u2013 Vereador Jos\u00e9 da Paix\u00e3o Queiroz.</b></p>\r\n<p><b>\u00a0</b></p>\r\n<p align=\"center\"><b>\u00a0</b></p>\r\n<p align=\"center\"><b>Gabinete da Presid\u00eancia, em 16 de julho de 2021</b></p>\r\n<p>\u00a0</p>\r\n<p>\u00a0</p>\r\n<p>\u00a0</p>\r\n<p align=\"center\"><b>Denis Pereira Am\u00e2ncio </b></p>\r\n<p align=\"center\"><b>Presidente da C\u00e2mara Municipal</b></p>", "author_name": "", "version": "1.0", "author_url": "https://www.pedrocanario.es.leg.br/author/renan", "provider_name": " ", "type": "rich"}