{"provider_url": "https://www.pedrocanario.es.leg.br", "title": "PAUTA DA 12\u00aa SESS\u00c3O ORDIN\u00c1RIA", "html": "<p><b><br /></b></p>\r\n<p><b>Projeto de Emenda \u00e0 Lei Org\u00e2nica n\u00ba 002/2021 \u2013 Projeto de Emenda \u00e0 Lei Org\u00e2nica n\u00ba 002/2021 \u2013 \u201cALTERA O \u00a7 5\u00ba DO ARTIGO 41 DA LEI ORG\u00c2NICA DO MUNIC\u00cdPIO DE PEDRO CAN\u00c1RIO \u2013 ES. \u201d De autoria do Poder Legislativo Municipal \u2013 Vereador Ademir Gonsalves dos Santos, Vereador Cl\u00e9cio Pereira da Silva, Vereador Jo\u00e3o Mendes Amorim e Vereador Renato Pinheiro Silva.</b></p>\r\n<p><b>\u00a0</b></p>\r\n<p><b>Projeto de Resolu\u00e7\u00e3o n\u00ba 002/2021 \u2013 \u201cDISP\u00d5E SOBRE O REGRAMENTO PARA ANALISE E VOTA\u00c7\u00c3O DAS CONTAS DOS PREFEITOS MUNICIPAIS DE PEDRO CAN\u00c1RIO.\u201d De autoria do Poder Legislativo Municipal \u2013 Mesa Diretora.</b></p>\r\n<p><b>\u00a0</b></p>\r\n<p><b>Projeto de Lei n\u00ba 014/2021 - </b><b>\u201c</b><b>DISP\u00d5E SOBRE POL\u00cdTICA P\u00daBLICA MUNICIPAL PARA GARANTIA, PROTE\u00c7\u00c3O E AMPLIA\u00c7\u00c3O DOS DIREITOS DAS PESSOAS COM TRANSTORNO DO ESPECTRO AUTISTA (TEA) E SEUS FAMILIARES.</b><b>\u201d</b><b> </b><b>De autoria do Poder Legislativo Municipal \u2013 Wanderson Santos de Souza.</b><b></b></p>\r\n<p><b>Projeto de Lei Substitutivo n\u00ba 023/2021 - </b><b>\u201cINSTITUI NO MUNIC\u00cdPIO DE PEDRO CAN\u00c1RIO A \u201cSEMANA MUNICIPAL DO JOVEM NO MERCADO DE TRABALHO\u201d A SER REALIZADA, ANUALMENTE, A PARTIR DO DIA 24 DE ABRIL</b><b>\u201d De autoria do Poder Legislativo Municipal \u2013 Wanderson Santos de Souza.</b></p>\r\n<p><b>Projeto de Lei n\u00ba 024/2021 \u2013 \u201cDENOMINA O COMPLEXO ESPORTIVO LOCALIZADO NA \u00c1REA DA LAGOA AUGUSTO RUSCHI DE COMPLEXO ESPORTIVO PEDRO RIBEIRO MACHADO. \u201d De autoria do Poder Legislativo Municipal \u2013 Assinam todos os Vereadores.</b></p>\r\n<p><b>\u00a0</b></p>\r\n<p><b>Projeto de Lei n\u00ba 026/2021 - \u201cDISP\u00d5E SOBRE A CRIA\u00c7\u00c3O DO PROGRAMA MENTE SAUD\u00c1VEL, COM OBJETIVO PROMO\u00c7\u00c3O DA SA\u00daDE MENTAL E ATEN\u00c7\u00c3O AOS PROBLEMAS PSICOL\u00d3GICOS DECORRENTES DA PANDEMIA DA COVID-19. \u201d De autoria do Poder Legislativo Municipal \u2013 Eleandro Reis Konoski.</b></p>\r\n<p><b>\u00a0</b></p>\r\n<p><b>Projeto de Lei n\u00ba 027/2021 - \u201c INSTITUI POL\u00cdTICA MUNICIPAL DE INCENTIVO E FOMENTO PARA A CRIA\u00c7\u00c3O DE COOPERATIVAS DE TRABALHO NO MUNIC\u00cdPIO DE PEDRO CANARIO, DE MODO A COMBATER OS NEFASTOS IMPACTOS DA PANDEMIA DO COVID \u2013 19, NOS POSTOS DE TRABALHO, E, POR CONSEGUINTE NO SUSTENTO DAS FAM\u00cdLIAS. \u201d De autoria do Poder Legislativo Municipal \u2013 Eleandro Reis Konoski.</b></p>\r\n<p><b>\u00a0</b></p>\r\n<p><b>Projeto de Lei n\u00ba 029/2021 \u2013 \u201cDENOMINA RUA PASTOR SAUL IN\u00c1CIO FERREIRA, A RUA SEM DENOMINA\u00c7\u00c3O, SITUADA NO BAIRRO CAMILIO COLA, NESTA CIDADE DE PEDRO CAN\u00c1RIO-ES. \u201d De autoria do Poder Legislativo Municipal \u2013 Vereador Jos\u00e9 da Paix\u00e3o Queiroz.</b></p>\r\n<p><b>\u00a0</b></p>\r\n<p><b>Projeto de Lei n\u00ba 030/2021 - </b><b>\u201c</b><b>CONTRATA\u00c7\u00c3O DE MAIS COVEIROS, EM SITUA\u00c7\u00c3O DE PANDEMIA OU CAT\u00c1STROFES NATURAIS ONDE AUMENTE O N\u00daMERO DE MORTES NO MUNIC\u00cdPIO DE PEDRO CAN\u00c1RIO</b><b>\u201d. </b><b>De autoria do Poder Legislativo Municipal \u2013 Lucas Vasconcellos Pereira.</b><b></b></p>\r\n<p><b>\u00a0</b></p>\r\n<p><b>Projeto de Lei n\u00ba 038/2021 \u2013 \u201cALTERA A LEI MUNICIPAL N\u00ba1.324, DE 11 DE JUNHO DE 2018 QUE CRIOU O FUNDO MUNICIPAL DE EDUCA\u00c7\u00c3O INFANTIL - FMEI E D\u00c1 OUTRAS PROVID\u00caNCIAS.\u201d De autoria do Poder Executivo Municipal \u2013 Sr\u00ba. Prefeito Bruno Te\u00f3filo Ara\u00fajo.</b></p>\r\n<p><b>\u00a0</b></p>\r\n<p><b>Projeto de Lei n\u00ba 039/2021 - \u201cESTABELECE A POL\u00cdTICA MUNICIPAL DE EST\u00cdMULO AO EMPREENDEDORISMO, PROJETO JOVENS EMPREENDEDORES PRIMEIROS PASSOS (JEPP).\u201d De autoria do Poder Legislativo Municipal \u2013 Wanderson Santos de Souza.</b></p>\r\n<p><b>Projeto de Lei n\u00ba 040/2021 \u2013 \u201cDISP\u00d5E SOBRE A NECESSIDADE DE ESTRAT\u00c9GIAS NO AVAN\u00c7O DO PROGRAMA DE IMUNIZA\u00c7\u00c3O CONTRA A COVID-19, E DISCIPLINA AS DOSES REMANESCENTES QUE N\u00c3O FOREM UTILIZADOS AP\u00d3S A ABERTURA DO FRASCO, ESTANDO DENTRO DA VALIDADE, NO \u00c2MBITO DO MUNIC\u00cdPIO DE PEDRO CAN\u00c1RIO.\u201d De autoria do Poder Legislativo Municipal \u2013 Vereador Jos\u00e9 da Paix\u00e3o Queiroz.</b></p>\r\n<p><b>Projeto de Lei n\u00ba 041/2021 - \u201cCRIA NOME PARA AS VIAS P\u00daBLICAS DO DISTRITO DE CRISTAL DO NORTE E D\u00c1 OUTRAS PROVID\u00caNCIAS.\u201d De autoria do Poder Legislativo Municipal \u2013 Cl\u00e9cio Pereira da Silva.</b></p>\r\n<p><b>\u00a0</b></p>\r\n<p><b>\u00a0</b></p>\r\n<p><b>\u00a0</b></p>\r\n<p align=\"center\"><b>\u00a0</b></p>\r\n<p align=\"center\"><b>Gabinete da Presid\u00eancia, em 02 de julho de 2021</b></p>\r\n<p>\u00a0</p>\r\n<p>\u00a0</p>\r\n<p>\u00a0</p>\r\n<p>\u00a0</p>\r\n<p align=\"center\"><b>Denis Pereira Am\u00e2ncio </b></p>\r\n<p align=\"center\"><b>Presidente da C\u00e2mara Municipal</b></p>\r\n<p align=\"center\"><b><br /></b></p>", "author_name": "", "version": "1.0", "author_url": "https://www.pedrocanario.es.leg.br/author/renan", "provider_name": " ", "type": "rich"}