{"provider_url": "https://www.pedrocanario.es.leg.br", "title": "PAUTA DA 12\u00aa SESS\u00c3O EXTRAORDIN\u00c1RIA", "html": "<p>\u00a0</p>\r\n<p><b>Projeto de Lei n\u00ba 045/2021 \u2013 \u201cREVOGA OS \u00a7\u00a7 2\u00ba, 3\u00ba, 4\u00ba E 5\u00ba DO ART. 1\u00ba DA LEI N\u00ba 1.250, DE 16 DE DEZEMBRO DE 2016 (REDA\u00c7\u00c3O DADA PELA LEI N\u00ba 1.381, DE 19 DE AGOSTO DE 2019).\u201d De autoria do Poder Executivo Municipal \u2013 Sr\u00ba. Bruno Te\u00f3filo Ara\u00fajo.</b></p>\r\n<p><b>\u00a0</b></p>\r\n<p><b>Projeto de Resolu\u00e7\u00e3o n\u00ba 003/2021 \u2013 \u201cDISP\u00d5ES SOBRE A CRIA\u00c7\u00c3O E ATUA\u00c7\u00c3O DO CONSELHO FISCAL DO PORTAL DE TRANSPARENCIA DA C\u00c2MARA MUNICIPAL DE PEDRO CAN\u00c1RIO.\u201d De autoria do Poder Legislativo Municipal \u2013 Mesa Diretora.</b></p>\r\n<p><b>\u00a0</b></p>\r\n<p><b>\u00a0</b></p>\r\n<p><b>\u00a0</b></p>\r\n<p><b>- Do expediente:</b></p>\r\n<p><b>- Da ordem do dia:</b></p>\r\n<p><b>\u00a0</b></p>\r\n<p align=\"center\">Gabinete da Presid\u00eancia, em 27 de agosto de 2021</p>\r\n<p>\u00a0</p>\r\n<p>\u00a0</p>\r\n<p>\u00a0</p>\r\n<p align=\"center\" class=\"Corpo\"><b>DENIS PEREIRA AM\u00c2NCIO</b></p>\r\n<p align=\"center\" class=\"Corpo\"><b>Presidente da C\u00e2mara Municipal</b></p>\r\n<p>\u00a0</p>", "author_name": "", "version": "1.0", "author_url": "https://www.pedrocanario.es.leg.br/author/renan", "provider_name": " ", "type": "rich"}